{"id":149,"date":"2012-03-08T23:11:24","date_gmt":"2012-03-08T21:11:24","guid":{"rendered":"http:\/\/www.grund-wert.ch\/?p=149"},"modified":"2012-03-08T23:19:51","modified_gmt":"2012-03-08T21:19:51","slug":"aspekte-nachhaltiger-immobilien-projektentwicklung-in-gemeinnutzigen-korperschaften","status":"publish","type":"post","link":"https:\/\/www.grund-wert.ch\/?p=149","title":{"rendered":"Aspekte nachhaltiger Immobilien-Projektentwicklung in gemeinn\u00fctzigen K\u00f6rperschaften"},"content":{"rendered":"<p>Die Entwicklung von Immobilienprojekten gemeinn\u00fctziger Bautr\u00e4ger unterscheidet sich in verschiedener Hinsicht von g\u00e4ngigen Vorstellungen. Einerseits sind die Rahmenbedingungen komplexer als anderswo, aber auch die hohen Anforderungen an ein wertorientiertes Vorgehen bedingen etwas zus\u00e4tzliche Denkarbeit. Die <a title=\"Aspekte nachhaltiger Immobilien-Projektentwicklung in gemeinn\u00fctzigen K\u00f6rperschaften\" href=\"https:\/\/www.grund-wert.ch\/Wordpress\/wp-content\/uploads\/2012\/03\/Aspekte.pdf\" target=\"_blank\">HIER<\/a> verf\u00fcgbare Schautafel (pdf, A3) gibt eine \u00dcbersicht \u00fcber die wichtigsten Aspekte.<\/p>\n","protected":false},"excerpt":{"rendered":"<p>Die Entwicklung von Immobilienprojekten gemeinn\u00fctziger Bautr\u00e4ger unterscheidet sich in verschiedener Hinsicht von g\u00e4ngigen Vorstellungen. Einerseits sind die Rahmenbedingungen komplexer als anderswo, aber auch die hohen Anforderungen an ein wertorientiertes Vorgehen bedingen etwas zus\u00e4tzliche Denkarbeit. Die HIER verf\u00fcgbare Schautafel (pdf, A3) gibt eine \u00dcbersicht \u00fcber die wichtigsten Aspekte.<\/p>\n","protected":false},"author":1,"featured_media":0,"comment_status":"closed","ping_status":"closed","sticky":false,"template":"","format":"standard","meta":{"footnotes":""},"categories":[4],"tags":[],"class_list":["post-149","post","type-post","status-publish","format-standard","hentry","category-theorie"],"_links":{"self":[{"href":"https:\/\/www.grund-wert.ch\/index.php?rest_route=\/wp\/v2\/posts\/149","targetHints":{"allow":["GET"]}}],"collection":[{"href":"https:\/\/www.grund-wert.ch\/index.php?rest_route=\/wp\/v2\/posts"}],"about":[{"href":"https:\/\/www.grund-wert.ch\/index.php?rest_route=\/wp\/v2\/types\/post"}],"author":[{"embeddable":true,"href":"https:\/\/www.grund-wert.ch\/index.php?rest_route=\/wp\/v2\/users\/1"}],"replies":[{"embeddable":true,"href":"https:\/\/www.grund-wert.ch\/index.php?rest_route=%2Fwp%2Fv2%2Fcomments&post=149"}],"version-history":[{"count":6,"href":"https:\/\/www.grund-wert.ch\/index.php?rest_route=\/wp\/v2\/posts\/149\/revisions"}],"predecessor-version":[{"id":159,"href":"https:\/\/www.grund-wert.ch\/index.php?rest_route=\/wp\/v2\/posts\/149\/revisions\/159"}],"wp:attachment":[{"href":"https:\/\/www.grund-wert.ch\/index.php?rest_route=%2Fwp%2Fv2%2Fmedia&parent=149"}],"wp:term":[{"taxonomy":"category","embeddable":true,"href":"https:\/\/www.grund-wert.ch\/index.php?rest_route=%2Fwp%2Fv2%2Fcategories&post=149"},{"taxonomy":"post_tag","embeddable":true,"href":"https:\/\/www.grund-wert.ch\/index.php?rest_route=%2Fwp%2Fv2%2Ftags&post=149"}],"curies":[{"name":"wp","href":"https:\/\/api.w.org\/{rel}","templated":true}]}}